{"id":12496,"date":"2016-07-20T02:13:42","date_gmt":"2016-07-20T00:13:42","guid":{"rendered":"http:\/\/www.editorialalegoria.com\/?p=12496"},"modified":"2021-04-25T14:26:25","modified_gmt":"2021-04-25T12:26:25","slug":"vicente-molina-foix-nos-presenta-epistolario-olga-rendon-barbate","status":"publish","type":"post","link":"https:\/\/editorialalegoria.com\/web\/vicente-molina-foix-nos-presenta-epistolario-olga-rendon-barbate\/","title":{"rendered":"Vicente Molina Foix nos presenta el epistolario de Olga Rend\u00f3n en Barbate"},"content":{"rendered":"\n<p>Vicente Molina Foix vuelve a presentar el epistolario cr\u00edtico de <a href=\"https:\/\/editorialalegoria.com\/web\/escritores\/olga-rendon-infante\/\" class=\"rank-math-link\">Olga Rend\u00f3n<\/a> sobre poetas del 27 y Grupo C\u00e1ntico (<a rel=\"noreferrer noopener\" class=\"rank-math-link\" href=\"http:\/\/www.editorialalegoria.com\/correspondencia-inedita-de-poetas-del-27\/\" target=\"_blank\">http:\/\/www.editorialalegoria.com\/correspondencia-inedita-d\u2026\/<\/a>).<\/p>\n\n\n\n<p>Lo hace en Vejer de la Frontera, dentro de la Programaci\u00f3n de Verano (\u201cNoche del Libro\u201d, 12-13 de julio).<\/p>\n\n\n\n<figure class=\"wp-block-image tb-image tb-image-media\" data-toolset-blocks-image=\"7804a25ae3ff47086678217998e9610c\"><img decoding=\"async\" width=\"480\" height=\"960\" loading=\"lazy\" src=\"https:\/\/editorialalegoria.com\/web\/wp-content\/uploads\/Programacion-Vejer-Cultura.jpg\" alt=\"\" class=\"wp-image-214287\" title=\"\" srcset=\"https:\/\/editorialalegoria.com\/web\/wp-content\/uploads\/Programacion-Vejer-Cultura.jpg 480w, https:\/\/editorialalegoria.com\/web\/wp-content\/uploads\/Programacion-Vejer-Cultura-300x600.jpg 300w, https:\/\/editorialalegoria.com\/web\/wp-content\/uploads\/Programacion-Vejer-Cultura-150x300.jpg 150w\" sizes=\"(max-width: 480px) 100vw, 480px\" \/><\/figure>\n\n\n\n<p>Como ya lo hizo en Madrid en la Biblioteca Eugenio Tr\u00edas, quedamos doblemente eternamente agradecidos.<\/p>\n\n\n\n<hr class=\"wp-block-separator is-style-default\"\/>\n\n\n<div data-block-name=\"woocommerce\/handpicked-products\" data-columns=\"6\" data-content-visibility=\"{&quot;title&quot;:false,&quot;price&quot;:false,&quot;rating&quot;:false,&quot;button&quot;:false}\" data-edit-mode=\"false\" data-products=\"[13847,13846]\" class=\"wc-block-grid wp-block-handpicked-products wp-block-woocommerce-handpicked-products wc-block-handpicked-products has-6-columns has-multiple-rows\"><ul class=\"wc-block-grid__products\"><li class=\"wc-block-grid__product\">\n\t\t\t\t<a href=\"https:\/\/editorialalegoria.com\/web\/libro\/los-poetas-del-27-y-el-grupo-cantico-de-cordoba-correspondencia-entre-ricardo-molina-y-luis-cernuda-jorge-guillen-gerardo-diego-y-damaso-alonso-libro-dos\/\" class=\"wc-block-grid__product-link\">\n\t\t\t\t\t\n\t\t\t\t\t<div class=\"wc-block-grid__product-image\"><img loading=\"lazy\" decoding=\"async\" width=\"300\" height=\"460\" src=\"https:\/\/editorialalegoria.com\/web\/wp-content\/uploads\/53-los-poetas-del-27-y-el-grupo-cantico-de-cordoba-libro-dos--300x460.jpg\" class=\"attachment-woocommerce_thumbnail size-woocommerce_thumbnail\" alt=\"Los Poetas del 27 y el grupo C\u00e1ntico de C\u00f3rdoba. Correspondencia entre Ricardo Molina y Luis Cernuda, Jorge Guill\u00e9n, Gerardo Diego y D\u00e1maso Alonso (Libro dos)\" title=\"\"><\/div>\n\t\t\t\t\t\n\t\t\t\t<\/a>\n\t\t\t\t\n\t\t\t\t\n\t\t\t\t\n\t\t\t<\/li><li class=\"wc-block-grid__product\">\n\t\t\t\t<a href=\"https:\/\/editorialalegoria.com\/web\/libro\/los-poetas-del-27-y-el-grupo-cantico-de-cordoba-correspondencia-entre-vicente-aleixandre-y-ricardo-molina-libro-uno\/\" class=\"wc-block-grid__product-link\">\n\t\t\t\t\t\n\t\t\t\t\t<div class=\"wc-block-grid__product-image\"><img loading=\"lazy\" decoding=\"async\" width=\"300\" height=\"460\" src=\"https:\/\/editorialalegoria.com\/web\/wp-content\/uploads\/52-los-poetas-del-27-y-el-grupo-cantico-de-cordoba-libro-uno--300x460.jpg\" class=\"attachment-woocommerce_thumbnail size-woocommerce_thumbnail\" alt=\"Los Poetas del 27 y el grupo C\u00e1ntico de C\u00f3rdoba. Correspondencia entre Vicente Aleixandre y Ricardo Molina (Libro uno)\" title=\"\"><\/div>\n\t\t\t\t\t\n\t\t\t\t<\/a>\n\t\t\t\t\n\t\t\t\t\n\t\t\t\t\n\t\t\t<\/li><\/ul><\/div>","protected":false},"excerpt":{"rendered":"<p>Vejer de la Frontera, dentro de la Programaci\u00f3n de Verano (\u201cNoche del Libro\u201d, 12-13 de julio).<\/p>\n","protected":false},"author":1,"featured_media":214287,"comment_status":"open","ping_status":"open","sticky":false,"template":"","format":"standard","meta":{"_et_pb_use_builder":"","_et_pb_old_content":"","_et_gb_content_width":"","footnotes":""},"categories":[1],"tags":[],"class_list":["post-12496","post","type-post","status-publish","format-standard","has-post-thumbnail","hentry","category-actualidad"],"_links":{"self":[{"href":"https:\/\/editorialalegoria.com\/web\/wp-json\/wp\/v2\/posts\/12496","targetHints":{"allow":["GET"]}}],"collection":[{"href":"https:\/\/editorialalegoria.com\/web\/wp-json\/wp\/v2\/posts"}],"about":[{"href":"https:\/\/editorialalegoria.com\/web\/wp-json\/wp\/v2\/types\/post"}],"author":[{"embeddable":true,"href":"https:\/\/editorialalegoria.com\/web\/wp-json\/wp\/v2\/users\/1"}],"replies":[{"embeddable":true,"href":"https:\/\/editorialalegoria.com\/web\/wp-json\/wp\/v2\/comments?post=12496"}],"version-history":[{"count":4,"href":"https:\/\/editorialalegoria.com\/web\/wp-json\/wp\/v2\/posts\/12496\/revisions"}],"predecessor-version":[{"id":214289,"href":"https:\/\/editorialalegoria.com\/web\/wp-json\/wp\/v2\/posts\/12496\/revisions\/214289"}],"wp:featuredmedia":[{"embeddable":true,"href":"https:\/\/editorialalegoria.com\/web\/wp-json\/wp\/v2\/media\/214287"}],"wp:attachment":[{"href":"https:\/\/editorialalegoria.com\/web\/wp-json\/wp\/v2\/media?parent=12496"}],"wp:term":[{"taxonomy":"category","embeddable":true,"href":"https:\/\/editorialalegoria.com\/web\/wp-json\/wp\/v2\/categories?post=12496"},{"taxonomy":"post_tag","embeddable":true,"href":"https:\/\/editorialalegoria.com\/web\/wp-json\/wp\/v2\/tags?post=12496"}],"curies":[{"name":"wp","href":"https:\/\/api.w.org\/{rel}","templated":true}]}}