{"id":12506,"date":"2016-07-20T02:28:16","date_gmt":"2016-07-20T00:28:16","guid":{"rendered":"http:\/\/www.editorialalegoria.com\/?p=12506"},"modified":"2021-04-25T14:26:33","modified_gmt":"2021-04-25T12:26:33","slug":"alegoria-madrid-vicente-molina-foix","status":"publish","type":"post","link":"https:\/\/editorialalegoria.com\/web\/alegoria-madrid-vicente-molina-foix\/","title":{"rendered":"Alegor\u00eda en Madrid con Vicente Molina Foix"},"content":{"rendered":"\n<h3 class=\"wp-block-heading\">22 de noviembre. Domingo novembrino de sol y fr\u00edo. Acaso el d\u00eda perfecto para presentar un epistolario de poetas cuyas vidas quedaron hendidas por la guerra civil.<\/h3>\n\n\n\n<p>El lugar, la Biblioteca Eugenio Tr\u00edas de Madrid. Un oasis de luz, civilidad y amor a los libros. Una biblioteca en pleno centro de Madrid que lleva el nombre de un fil\u00f3sofo catal\u00e1n. Alrededor ni\u00f1os que leen y personas que pasean entre los \u00e1rboles alineados del parque de El Retiro. \u00bfNo podr\u00eda el futuro parecerse a esto?<\/p>\n\n\n\n<p>Y en el sal\u00f3n de actos, nosotros. En la mesa, Vicente Molina Foix, <a href=\"https:\/\/editorialalegoria.com\/web\/escritores\/olga-rendon-infante\/\" class=\"rank-math-link\">Olga Rend\u00f3n<\/a> y <a href=\"https:\/\/editorialalegoria.com\/web\/escritores\/rocio-calvo-del-pino\/\" class=\"rank-math-link\">Roc\u00edo Calvo<\/a>. Entre el p\u00fablico, un sobrino-nieto de Ricardo Molina, el m\u00fasico Nono Garc\u00eda y muchos amantes de la poes\u00eda. Hab\u00eda confirmado su asistencia Gin\u00e9s Li\u00e9bana que, a sus 95 a\u00f1os, es memoria viva del grupo C\u00e1ntico. Finalmente le result\u00f3 imposible asistir.<\/p>\n\n\n\n<p>Despu\u00e9s de una breve introducci\u00f3n aleg\u00f3rica a cargo de <a href=\"https:\/\/editorialalegoria.com\/web\/escritores\/rocio-calvo-del-pino\/\" class=\"rank-math-link\">Roc\u00edo Calvo<\/a>, Vicente Molina Foix tom\u00f3 la palabra para defender la literatura epistolar, un g\u00e9nero que le gusta tanto que incluso lo ha abordado desde la ficci\u00f3n (en la novela \u201cEl abrecartas\u201d). A continuaci\u00f3n esboz\u00f3 las l\u00edneas generales del grupo C\u00e1ntico y su destino ingrato (rechazado, primero, por el r\u00e9gimen franquista y luego por la poes\u00eda social comprometida). Salpiment\u00f3 su elocuente exposici\u00f3n con an\u00e9cdotas e incluso alguna confidencia. <a href=\"https:\/\/editorialalegoria.com\/web\/escritores\/olga-rendon-infante\/\" class=\"rank-math-link\">Olga Rend\u00f3n<\/a>, por su parte, explic\u00f3 la g\u00e9nesis de la obra: una sabia combinaci\u00f3n de azar y determinaci\u00f3n. Tambi\u00e9n la emoci\u00f3n que sinti\u00f3 la primera vez que tuvo aquellas cartas en sus manos. Coincidi\u00f3 con Molina Foix en la importancia del g\u00e9nero epistolar que nos permite un acceso privilegiado a la vida de personas que han marcado la literatura de nuestro pa\u00eds y que fueron, adem\u00e1s, poetas a tiempo completo.<\/p>\n\n\n\n<p>Puso broche de oro al acto el guitarrista Nono Garc\u00eda, que interpret\u00f3 un par de piezas en homenaje al gran flamenc\u00f3logo que fue Ricardo Molina. Nuestro sincero agradecimiento a \u00e9l y a Vicente Molina, extraordinariamente cordiales, inspiradores e inspirados. Tambi\u00e9n a la Biblioteca y al p\u00fablico asistente. Hasta la pr\u00f3xima, que ser\u00e1 pronto.<\/p>\n\n\n\n<hr class=\"wp-block-separator is-style-default\"\/>\n\n\n<div data-block-name=\"woocommerce\/handpicked-products\" data-columns=\"6\" data-content-visibility=\"{&quot;title&quot;:false,&quot;price&quot;:false,&quot;rating&quot;:false,&quot;button&quot;:false}\" data-edit-mode=\"false\" data-products=\"[13847,13846]\" class=\"wc-block-grid wp-block-handpicked-products wp-block-woocommerce-handpicked-products wc-block-handpicked-products has-6-columns has-multiple-rows\"><ul class=\"wc-block-grid__products\"><li class=\"wc-block-grid__product\">\n\t\t\t\t<a href=\"https:\/\/editorialalegoria.com\/web\/libro\/los-poetas-del-27-y-el-grupo-cantico-de-cordoba-correspondencia-entre-ricardo-molina-y-luis-cernuda-jorge-guillen-gerardo-diego-y-damaso-alonso-libro-dos\/\" class=\"wc-block-grid__product-link\">\n\t\t\t\t\t\n\t\t\t\t\t<div class=\"wc-block-grid__product-image\"><img loading=\"lazy\" decoding=\"async\" width=\"300\" height=\"460\" src=\"https:\/\/editorialalegoria.com\/web\/wp-content\/uploads\/53-los-poetas-del-27-y-el-grupo-cantico-de-cordoba-libro-dos--300x460.jpg\" class=\"attachment-woocommerce_thumbnail size-woocommerce_thumbnail\" alt=\"Los Poetas del 27 y el grupo C\u00e1ntico de C\u00f3rdoba. Correspondencia entre Ricardo Molina y Luis Cernuda, Jorge Guill\u00e9n, Gerardo Diego y D\u00e1maso Alonso (Libro dos)\" title=\"\"><\/div>\n\t\t\t\t\t\n\t\t\t\t<\/a>\n\t\t\t\t\n\t\t\t\t\n\t\t\t\t\n\t\t\t<\/li><li class=\"wc-block-grid__product\">\n\t\t\t\t<a href=\"https:\/\/editorialalegoria.com\/web\/libro\/los-poetas-del-27-y-el-grupo-cantico-de-cordoba-correspondencia-entre-vicente-aleixandre-y-ricardo-molina-libro-uno\/\" class=\"wc-block-grid__product-link\">\n\t\t\t\t\t\n\t\t\t\t\t<div class=\"wc-block-grid__product-image\"><img loading=\"lazy\" decoding=\"async\" width=\"300\" height=\"460\" src=\"https:\/\/editorialalegoria.com\/web\/wp-content\/uploads\/52-los-poetas-del-27-y-el-grupo-cantico-de-cordoba-libro-uno--300x460.jpg\" class=\"attachment-woocommerce_thumbnail size-woocommerce_thumbnail\" alt=\"Los Poetas del 27 y el grupo C\u00e1ntico de C\u00f3rdoba. Correspondencia entre Vicente Aleixandre y Ricardo Molina (Libro uno)\" title=\"\"><\/div>\n\t\t\t\t\t\n\t\t\t\t<\/a>\n\t\t\t\t\n\t\t\t\t\n\t\t\t\t\n\t\t\t<\/li><\/ul><\/div>","protected":false},"excerpt":{"rendered":"<p>22 de noviembre. Domingo novembrino de sol y fr\u00edo. Acaso el d\u00eda perfecto para presentar un epistolario de poetas cuyas vidas quedaron hendidas por la guerra civil.<\/p>\n","protected":false},"author":1,"featured_media":0,"comment_status":"open","ping_status":"open","sticky":false,"template":"","format":"standard","meta":{"_et_pb_use_builder":"","_et_pb_old_content":"","_et_gb_content_width":"","footnotes":""},"categories":[1],"tags":[],"class_list":["post-12506","post","type-post","status-publish","format-standard","hentry","category-actualidad"],"_links":{"self":[{"href":"https:\/\/editorialalegoria.com\/web\/wp-json\/wp\/v2\/posts\/12506","targetHints":{"allow":["GET"]}}],"collection":[{"href":"https:\/\/editorialalegoria.com\/web\/wp-json\/wp\/v2\/posts"}],"about":[{"href":"https:\/\/editorialalegoria.com\/web\/wp-json\/wp\/v2\/types\/post"}],"author":[{"embeddable":true,"href":"https:\/\/editorialalegoria.com\/web\/wp-json\/wp\/v2\/users\/1"}],"replies":[{"embeddable":true,"href":"https:\/\/editorialalegoria.com\/web\/wp-json\/wp\/v2\/comments?post=12506"}],"version-history":[{"count":4,"href":"https:\/\/editorialalegoria.com\/web\/wp-json\/wp\/v2\/posts\/12506\/revisions"}],"predecessor-version":[{"id":214439,"href":"https:\/\/editorialalegoria.com\/web\/wp-json\/wp\/v2\/posts\/12506\/revisions\/214439"}],"wp:attachment":[{"href":"https:\/\/editorialalegoria.com\/web\/wp-json\/wp\/v2\/media?parent=12506"}],"wp:term":[{"taxonomy":"category","embeddable":true,"href":"https:\/\/editorialalegoria.com\/web\/wp-json\/wp\/v2\/categories?post=12506"},{"taxonomy":"post_tag","embeddable":true,"href":"https:\/\/editorialalegoria.com\/web\/wp-json\/wp\/v2\/tags?post=12506"}],"curies":[{"name":"wp","href":"https:\/\/api.w.org\/{rel}","templated":true}]}}